{"id":3731,"date":"2025-03-26T11:59:10","date_gmt":"2025-03-26T11:59:10","guid":{"rendered":"https:\/\/cifa.pt\/site\/?p=3731"},"modified":"2025-03-26T14:02:41","modified_gmt":"2025-03-26T14:02:41","slug":"espiral-azul-no-ceu-fenomeno-bem-explicado","status":"publish","type":"post","link":"https:\/\/cifa.pt\/site\/espiral-azul-no-ceu-fenomeno-bem-explicado\/","title":{"rendered":"ESPIRAL AZUL NO C\u00c9U? FEN\u00d3MENO BEM EXPLICADO"},"content":{"rendered":"<p>Na passado dia 24 de Mar\u00e7o, teve lugar um fen\u00f3meno espiral de cor azul, sobre os c\u00e9us da Europa.<\/p>\n<p>Portugal, Reino Unido entre outros pa\u00edses, assistiram naquilo que \u00e9 designado de normal quando um foguete retorna \u00e0 Terra, como foi o que aconteceu com a miss\u00e3o Falcon 9\u00a0 no lan\u00e7amento a partir da Fl\u00f3rida (EUA), no dia 24, por volta das 13h50 (17:50 em Portugal e no Reino Unido).<\/p>\n<p>O fen\u00f3meno que esteve vis\u00edvel durante v\u00e1rios minutos, consistiu no momento em que um segmento do foguete propulsor da SpaceX\u00a0 retorna da sua viagem, logo ap\u00f3s do lan\u00e7amento em \u00f3rbitra do(s) sat\u00e9lite(s), ejetando combust\u00edvel armazenado, ficando congelado instantaneamente, devido \u00e0 altitude e consequentemente produzindo um padr\u00e3o de espiral tendo em conta o movimento do foguet\u00e3o.<\/p>\n<p>O CIFA, no dia de ontem, atrav\u00e9s do seu Departamento de Investiga\u00e7\u00e3o,\u00a0 realizou um esclarecimento face ao fen\u00f3meno constatado divulgado no site do &#8220;Correio da Manh\u00e3&#8221;.<\/p>\n<p>Foram recebidos alguns testemunhos nacionais ao CIFA, que obtiveram a explica\u00e7\u00e3o artificial do fen\u00f3meno que foram devidamente anotados.<\/p>\n<p><img decoding=\"async\" class=\"lazyload aligncenter size-full wp-image-3734\" src=\"https:\/\/cifa.pt\/site\/wp-content\/uploads\/2025\/03\/rui-azevedo-METEO-TRAS-OS-MONTES.png\" data-orig-src=\"https:\/\/cifa.pt\/site\/wp-content\/uploads\/2025\/03\/rui-azevedo-METEO-TRAS-OS-MONTES.png\" alt=\"\" width=\"849\" height=\"765\" srcset=\"data:image\/svg+xml,%3Csvg%20xmlns%3D%27http%3A%2F%2Fwww.w3.org%2F2000%2Fsvg%27%20width%3D%27849%27%20height%3D%27765%27%20viewBox%3D%270%200%20849%20765%27%3E%3Crect%20width%3D%27849%27%20height%3D%27765%27%20fill-opacity%3D%220%22%2F%3E%3C%2Fsvg%3E\" data-srcset=\"https:\/\/cifa.pt\/site\/wp-content\/uploads\/2025\/03\/rui-azevedo-METEO-TRAS-OS-MONTES-200x180.png 200w, https:\/\/cifa.pt\/site\/wp-content\/uploads\/2025\/03\/rui-azevedo-METEO-TRAS-OS-MONTES-300x270.png 300w, https:\/\/cifa.pt\/site\/wp-content\/uploads\/2025\/03\/rui-azevedo-METEO-TRAS-OS-MONTES-400x360.png 400w, https:\/\/cifa.pt\/site\/wp-content\/uploads\/2025\/03\/rui-azevedo-METEO-TRAS-OS-MONTES-500x451.png 500w, https:\/\/cifa.pt\/site\/wp-content\/uploads\/2025\/03\/rui-azevedo-METEO-TRAS-OS-MONTES-600x541.png 600w, https:\/\/cifa.pt\/site\/wp-content\/uploads\/2025\/03\/rui-azevedo-METEO-TRAS-OS-MONTES-700x631.png 700w, https:\/\/cifa.pt\/site\/wp-content\/uploads\/2025\/03\/rui-azevedo-METEO-TRAS-OS-MONTES-768x692.png 768w, https:\/\/cifa.pt\/site\/wp-content\/uploads\/2025\/03\/rui-azevedo-METEO-TRAS-OS-MONTES-800x721.png 800w, https:\/\/cifa.pt\/site\/wp-content\/uploads\/2025\/03\/rui-azevedo-METEO-TRAS-OS-MONTES.png 849w\" data-sizes=\"auto\" data-orig-sizes=\"(max-width: 849px) 100vw, 849px\" \/><\/p>\n","protected":false},"excerpt":{"rendered":"<p>Na passado dia 24 de Mar\u00e7o, teve lugar um fen\u00f3meno [&hellip;]<\/p>\n","protected":false},"author":1,"featured_media":3733,"comment_status":"open","ping_status":"open","sticky":false,"template":"","format":"standard","meta":{"_bbp_topic_count":0,"_bbp_reply_count":0,"_bbp_total_topic_count":0,"_bbp_total_reply_count":0,"_bbp_voice_count":0,"_bbp_anonymous_reply_count":0,"_bbp_topic_count_hidden":0,"_bbp_reply_count_hidden":0,"_bbp_forum_subforum_count":0,"footnotes":""},"categories":[38,42,39],"tags":[],"class_list":["post-3731","post","type-post","status-publish","format-standard","has-post-thumbnail","hentry","category-atualidades","category-divulgacao-nacional","category-a-nacionais"],"_links":{"self":[{"href":"https:\/\/cifa.pt\/site\/wp-json\/wp\/v2\/posts\/3731","targetHints":{"allow":["GET"]}}],"collection":[{"href":"https:\/\/cifa.pt\/site\/wp-json\/wp\/v2\/posts"}],"about":[{"href":"https:\/\/cifa.pt\/site\/wp-json\/wp\/v2\/types\/post"}],"author":[{"embeddable":true,"href":"https:\/\/cifa.pt\/site\/wp-json\/wp\/v2\/users\/1"}],"replies":[{"embeddable":true,"href":"https:\/\/cifa.pt\/site\/wp-json\/wp\/v2\/comments?post=3731"}],"version-history":[{"count":4,"href":"https:\/\/cifa.pt\/site\/wp-json\/wp\/v2\/posts\/3731\/revisions"}],"predecessor-version":[{"id":3739,"href":"https:\/\/cifa.pt\/site\/wp-json\/wp\/v2\/posts\/3731\/revisions\/3739"}],"wp:featuredmedia":[{"embeddable":true,"href":"https:\/\/cifa.pt\/site\/wp-json\/wp\/v2\/media\/3733"}],"wp:attachment":[{"href":"https:\/\/cifa.pt\/site\/wp-json\/wp\/v2\/media?parent=3731"}],"wp:term":[{"taxonomy":"category","embeddable":true,"href":"https:\/\/cifa.pt\/site\/wp-json\/wp\/v2\/categories?post=3731"},{"taxonomy":"post_tag","embeddable":true,"href":"https:\/\/cifa.pt\/site\/wp-json\/wp\/v2\/tags?post=3731"}],"curies":[{"name":"wp","href":"https:\/\/api.w.org\/{rel}","templated":true}]}}