{"id":3719,"date":"2025-02-26T12:09:30","date_gmt":"2025-02-26T12:09:30","guid":{"rendered":"https:\/\/cifa.pt\/site\/?p=3719"},"modified":"2025-02-26T12:09:30","modified_gmt":"2025-02-26T12:09:30","slug":"portugal-com-54-ocorrencias-nao-foi-contemplado-com-fenomenos-uap-em-2024","status":"publish","type":"post","link":"https:\/\/cifa.pt\/site\/portugal-com-54-ocorrencias-nao-foi-contemplado-com-fenomenos-uap-em-2024\/","title":{"rendered":"PORTUGAL COM 54 OCORR\u00caNCIAS N\u00c3O FOI CONTEMPLADO COM FEN\u00d3MENOS UAP EM 2024"},"content":{"rendered":"<p>Mais um ano de trabalhos do CIFA, que obteve resultados globais relativos a 2024, que reteve o maior n\u00famero nacional, de 54 registos, que mereceram estudo e an\u00e1lise pelo seu Departamento de Investiga\u00e7\u00e3o, localizado no concelho de Vila do Conde.<\/p>\n<p>Tendo em conta os valores somat\u00f3rios dos 4 anos de averigua\u00e7\u00f5es, isto numa aprecia\u00e7\u00e3o global inserida num contexto de 137 relatos, entre 2021-2024, colocando de parte algumas dezenas que n\u00e3o foram contemplados no \u00e1rduo trabalho divulgado no relat\u00f3rio estat\u00edstico, \u00e9 poss\u00edvel afirmar que n\u00e3o existe nenhum acontecimento extraordin\u00e1rio que possa ser atribu\u00eddo como fen\u00f3meno aeroespacial desconhecido (FAD).<\/p>\n<p>Um dos aspectos relevantes face ao estudo de 2024, \u00e9 a forma simplificada de comunica\u00e7\u00e3o pela sociedade civl que, com a superficialidade de dados, nem sempre colabora para o melhor ju\u00edzo de valores na clarifica\u00e7\u00e3o e estudo das fenomenologias.<\/p>\n<p>\u00c9 importante cada vez acentuar que somente com mais dados a serem reportados a n\u00edvel social de forma objectiva e transparente, se torna poss\u00edvel uma leitura adequada de cada experi\u00eancia. N\u00e3o vale a pena comunicar de forma sum\u00e1ria, pois, certamente vai descaracterizar a avalia\u00e7\u00e3o necess\u00e1ria e emp\u00edrica que deve merecer a an\u00e1lise do fen\u00f3meno em narrativa.<\/p>\n<p>A principal mensagem a relevar com este \u201cRelat\u00f3rio Anual Estat\u00edstico de Ocorr\u00eancias de Fen\u00f3menos Aeroespaciais em Portugal \u2013 2024\u201d \u00e9 repassar a necessidade de existir maior e profunda fiabilidade de dados que, mesmo online, s\u00e3o redutores, por falta de informa\u00e7\u00e3o e in\u00e9rcia do comunicador.<\/p>\n<p>O CIFA, na sua primeira e \u00fanica associa\u00e7\u00e3o a n\u00edvel nacional, j\u00e1 det\u00e9m meios suficientes para o estudo, an\u00e1lise e investiga\u00e7\u00e3o da fenomenologia UAP, mormente canais abertos de recep\u00e7\u00e3o informativa, carecendo unicamente de maior fiabilidade na comunica\u00e7\u00e3o por parte da sociedade civil.<\/p>\n<p>A responsabilidade social e civil que aceit\u00e1mos, faz-nos acreditar que, com a estrutura humana e cient\u00edfica que dispomos actualmente, podemos estar confiantes em resultados na aprecia\u00e7\u00e3o global dos fen\u00f3menos aeroespaciais que nos s\u00e3o dados a conhecer em Portugal.<\/p>\n<p>Precisamos de desafiar claramente o \u00e2mbito tecnol\u00f3gico na supervis\u00e3o e monitoriza\u00e7\u00e3o do espa\u00e7o portugu\u00eas, utilizando estrat\u00e9gias de acompanhamento dos fen\u00f3menos que visamos.<\/p>\n<p><strong>2024 <\/strong><\/p>\n<p>Segundo dados globais, no passado ano obtivemos a totalidade de 54 registos de ocorr\u00eancias, todas e sem excep\u00e7\u00e3o, devidamente explicados relacionados em m\u00faltiplas interpreta\u00e7\u00f5es baseadas na terminologia de classifica\u00e7\u00e3o do CIFA.<\/p>\n<p>A divulga\u00e7\u00e3o social atrav\u00e9s dos <em>m\u00e9dia<\/em>, veio relevar a import\u00e2ncia da nossa presen\u00e7a na sociedade, ampliando o conhecimento das actividades culturais e de divulga\u00e7\u00e3o assinal\u00e1veis com a nossa exist\u00eancia.<\/p>\n<p>A presen\u00e7a desta associa\u00e7\u00e3o no evento aeron\u00e1utico \u201cPortugal Air Summit\u201924\u201d, foi sem d\u00favida um marco importante na difus\u00e3o do estudo que inici\u00e1mos oficialmente em 14JUL2021.<\/p>\n<p>Os dados gerais na base da classifica\u00e7\u00e3o do CIFA obtidos estatisticamente, foram os seguintes:<\/p>\n<p><u>Ocorr\u00eancias retratadas<\/u>: 54<\/p>\n<p><strong>FI-A\/ Meteoros &#8211; 2<\/strong><\/p>\n<p><strong>FI-C\/Planetas \u2013 1 <\/strong><\/p>\n<p><strong>FI-D\/Aves selvagens &#8211; 3<\/strong><\/p>\n<p><strong>FI-E\/Sinaliza\u00e7\u00e3o de aeronaves &#8211; 3<\/strong><\/p>\n<p><strong>FI-F\/Drones &#8211; 13<\/strong><\/p>\n<p><strong>FI-G\/Sat\u00e9lites &#8211; 7<\/strong><\/p>\n<p><strong>FI-H\/Fraude &#8211; 2<\/strong><\/p>\n<p><strong>FI-I\/Projector laser &#8211; 1<\/strong><\/p>\n<p><strong>FI-J\/Fen\u00f3meno atmosf\u00e9rico &#8211; 1<\/strong><\/p>\n<p><strong>FI-O\/Erros de interpreta\u00e7\u00e3o \u2013 7<\/strong><\/p>\n<p><strong>FI-P\/Bal\u00f5es &#8211; 7<\/strong><\/p>\n<p><strong>II-Informa\u00e7\u00e3o inconsistente \u2013 7<\/strong><\/p>\n<p>A n\u00edvel de localiza\u00e7\u00e3o geogr\u00e1fica das ocorr\u00eancias por distrito foram:<\/p>\n<p><strong>Viana do Castelo<\/strong> (2), <strong>Braga <\/strong>(7), <strong>Porto<\/strong> (12),<\/p>\n<p><strong>Aveiro<\/strong> (2), <strong>Coimbra <\/strong>(1), <strong>Leiria <\/strong>(4), <strong>Viseu <\/strong>(1),<\/p>\n<p><strong>Guarda<\/strong> (1), <strong>Santar\u00e9m<\/strong> (2), <strong>Lisboa <\/strong>(11),<\/p>\n<p><strong>Set\u00fabal <\/strong>(3), <strong>Beja <\/strong>(1), <strong>\u00c9vora <\/strong>(3), <strong>Faro <\/strong>(3) e <strong>Madeira<\/strong> (1).<\/p>\n<p>De salientar que em 2 distritos detiveram quase 50% das ocorr\u00eancias (Porto e Lisboa, respectivamente), assim como, aus\u00eancias de comunica\u00e7\u00f5es nos A\u00e7ores, Bragan\u00e7a, Castelo Branco e Portalegre. Denota-se sem qualquer d\u00favida, o factor de investimento de tempo necess\u00e1rio para desenvolver o conhecimento das actividades do CIFA nestes distritos e, consequente, a divulga\u00e7\u00e3o cultural aliada a estrat\u00e9gias de expans\u00e3o atrav\u00e9s da imprensa local. Contamos, ainda em 2025, expandir a divulga\u00e7\u00e3o nestes distritos, ajudando claramente para esse fim o trabalho de visitas aos aer\u00f3dromos nacionais, designado \u201cDossier AERO24UAP.<\/p>\n<p><strong>\u00a0<\/strong><strong>Estado\/Status da Investiga\u00e7\u00e3o:<\/strong><\/p>\n<p>100% Conclu\u00edda<\/p>\n<p><strong>Qualidade de Informa\u00e7\u00e3o: <\/strong><\/p>\n<p>59%M\u00e9dia \u2013 41%Baixa \u2013 0%Alta<\/p>\n<p><strong>Fonte de Informa\u00e7\u00e3o:<\/strong><\/p>\n<p>26%CIFA Investiga\u00e7\u00e3o \u2013 50% CIFA Online &#8211;\u00a024% WEB<\/p>\n<p>Relativamente \u00e0s evolu\u00e7\u00f5es de fontes de informa\u00e7\u00e3o, 50% j\u00e1 s\u00e3o resumidas em comunica\u00e7\u00f5es via online (atrav\u00e9s do site), que demonstram de forma positiva a visibilidade do nosso trabalho e, quando 26%, retratam o esfor\u00e7o de investiga\u00e7\u00e3o a n\u00edvel interno, assumido directamente pelos investigadores da Sede. Quanto \u00e0 recolha informativa na web, 24% fazem parte do trabalho de pesquisa e confirma\u00e7\u00f5es na localiza\u00e7\u00e3o de acontecimentos para inclus\u00e3o em tratamento de dados. Diga-se que neste \u00e2mbito, os dados s\u00e3o redutores, de pouco valor informativo e credibilidade associada aos seus autores.<\/p>\n<p>A evolu\u00e7\u00e3o das fontes de informa\u00e7\u00e3o, baseados na qualidade de recep\u00e7\u00e3o informativa, teve os valores de 59% (m\u00e9dios), bastantes razo\u00e1veis tendo em conta os dados considerados satisfat\u00f3rios recebidos e tratados. J\u00e1 os 41% (baixos) foram incapazes de dar a percep\u00e7\u00e3o mais correcta na avalia\u00e7\u00e3o informativa, n\u00e3o deixando de ser um dado preocupante na forma leviana com que as comunica\u00e7\u00f5es s\u00e3o recebidas com aus\u00eancia de crit\u00e9rios. Um dado a reter neste valor \u00e9, sem d\u00favida, a eleva\u00e7\u00e3o do n\u00edvel de confian\u00e7a na sociedade que, faz-nos repensar de forma directa na melhor incrementa\u00e7\u00e3o das nossas ac\u00e7\u00f5es na divulga\u00e7\u00e3o, refor\u00e7ando, assim, o conhecimento de causa e o prop\u00f3sito do nosso labor. Muito trabalho ainda nos aguarda neste reduto\u2026<\/p>\n<p>Segundo o estudo realizado, n\u00e3o houve necessidade de fazer consultadorias externas relativamente \u00e0s ocorr\u00eancias tratadas.<\/p>\n<p>Os erros de interpreta\u00e7\u00e3o e a detec\u00e7\u00e3o de aeronaves n\u00e3o tripuladas (drones), seja no \u00e2mbito civil, profissional ou militar, foram os alvos de falsas percep\u00e7\u00f5es originando, em alguns casos, alguma controv\u00e9rsia na discuss\u00e3o nos <em>m\u00e9dia, <\/em>em boa verdade, sem qualquer fundamento.<\/p>\n<p>Gostar\u00edamos de relembrar que o acontecimento internacional, ocorrido em New Jersey, nos EUA, em Dezembro passado, veio despoletar a \u201ccuriosidade e detec\u00e7\u00e3o\u201d da sociedade civil, de movimentos \u201cestranhos\u201d sob o nosso firmamento. Injustific\u00e1vel, naturalmente\u2026<\/p>\n<p>No contexto geral e de forma conclusiva, o ano 2024 n\u00e3o arrecadou nenhuma ocorr\u00eancia de algo \u201cextraordin\u00e1rio\u201d que possa ter sido relevante para o estudo e compreens\u00e3o na an\u00e1lise dos UAP.<\/p>\n<p>Em cada ano que passa, notamos claramente na sociedade civil, um despertar para novos e curiosos fen\u00f3menos no nosso meio. Salientamos nesta situa\u00e7\u00e3o a elevada desinforma\u00e7\u00e3o existente nos <em>m\u00e9dia<\/em>, n\u00e3o sendo atribu\u00eddo nem identificado qualquer potencial de um facto que possa ser considerado verdadeiramente extraordin\u00e1rio.<\/p>\n<p>Vamos mantendo a nossa aten\u00e7\u00e3o e trabalhos dispon\u00edveis para eventuais situa\u00e7\u00f5es que despertem a nossa curiosidade cient\u00edfica que, at\u00e9 aos dias de hoje e desde a nossa funda\u00e7\u00e3o, ainda n\u00e3o tiveram lugar.<\/p>\n<p>Acreditamos que novas formas de monitoriza\u00e7\u00e3o tecnol\u00f3gicas (j\u00e1 em fase de desenvolvimento numa universidade alem\u00e3), e n\u00e3o somente atribu\u00eddo ao \u00e2mbito narrativo popular, poder\u00e1 vir a ser um novo caminho de interpreta\u00e7\u00e3o na ocorr\u00eancia desses fen\u00f3menos em nosso meio, podendo originar e trazer algo de novo \u00e0 sua compreens\u00e3o.<\/p>\n<p>O CIFA manter-se-\u00e1 pronto e atento \u00e0s melhores interpreta\u00e7\u00f5es destas fenomenologias an\u00f3malas, procurando sempre com inova\u00e7\u00e3o a preven\u00e7\u00e3o associada \u00e0 interven\u00e7\u00e3o mais metodol\u00f3gica. \u00a8<\/p>\n<p><img decoding=\"async\" class=\"lazyload aligncenter size-full wp-image-3720\" src=\"https:\/\/cifa.pt\/site\/wp-content\/uploads\/2025\/02\/Rel2024-pub.png\" data-orig-src=\"https:\/\/cifa.pt\/site\/wp-content\/uploads\/2025\/02\/Rel2024-pub.png\" alt=\"\" width=\"582\" height=\"824\" srcset=\"data:image\/svg+xml,%3Csvg%20xmlns%3D%27http%3A%2F%2Fwww.w3.org%2F2000%2Fsvg%27%20width%3D%27582%27%20height%3D%27824%27%20viewBox%3D%270%200%20582%20824%27%3E%3Crect%20width%3D%27582%27%20height%3D%27824%27%20fill-opacity%3D%220%22%2F%3E%3C%2Fsvg%3E\" data-srcset=\"https:\/\/cifa.pt\/site\/wp-content\/uploads\/2025\/02\/Rel2024-pub-200x283.png 200w, https:\/\/cifa.pt\/site\/wp-content\/uploads\/2025\/02\/Rel2024-pub-212x300.png 212w, https:\/\/cifa.pt\/site\/wp-content\/uploads\/2025\/02\/Rel2024-pub-400x566.png 400w, https:\/\/cifa.pt\/site\/wp-content\/uploads\/2025\/02\/Rel2024-pub-500x708.png 500w, https:\/\/cifa.pt\/site\/wp-content\/uploads\/2025\/02\/Rel2024-pub.png 582w\" data-sizes=\"auto\" data-orig-sizes=\"(max-width: 582px) 100vw, 582px\" \/><img decoding=\"async\" class=\"lazyload aligncenter size-full wp-image-3721\" src=\"https:\/\/cifa.pt\/site\/wp-content\/uploads\/2025\/02\/tipologias.png\" data-orig-src=\"https:\/\/cifa.pt\/site\/wp-content\/uploads\/2025\/02\/tipologias.png\" alt=\"\" width=\"573\" height=\"546\" srcset=\"data:image\/svg+xml,%3Csvg%20xmlns%3D%27http%3A%2F%2Fwww.w3.org%2F2000%2Fsvg%27%20width%3D%27573%27%20height%3D%27546%27%20viewBox%3D%270%200%20573%20546%27%3E%3Crect%20width%3D%27573%27%20height%3D%27546%27%20fill-opacity%3D%220%22%2F%3E%3C%2Fsvg%3E\" data-srcset=\"https:\/\/cifa.pt\/site\/wp-content\/uploads\/2025\/02\/tipologias-200x191.png 200w, https:\/\/cifa.pt\/site\/wp-content\/uploads\/2025\/02\/tipologias-300x286.png 300w, https:\/\/cifa.pt\/site\/wp-content\/uploads\/2025\/02\/tipologias-400x381.png 400w, https:\/\/cifa.pt\/site\/wp-content\/uploads\/2025\/02\/tipologias-500x476.png 500w, https:\/\/cifa.pt\/site\/wp-content\/uploads\/2025\/02\/tipologias.png 573w\" data-sizes=\"auto\" data-orig-sizes=\"(max-width: 573px) 100vw, 573px\" \/><img decoding=\"async\" class=\"lazyload aligncenter size-full wp-image-3722\" src=\"https:\/\/cifa.pt\/site\/wp-content\/uploads\/2025\/02\/rel2024-pub1.png\" data-orig-src=\"https:\/\/cifa.pt\/site\/wp-content\/uploads\/2025\/02\/rel2024-pub1.png\" alt=\"\" width=\"555\" height=\"801\" srcset=\"data:image\/svg+xml,%3Csvg%20xmlns%3D%27http%3A%2F%2Fwww.w3.org%2F2000%2Fsvg%27%20width%3D%27555%27%20height%3D%27801%27%20viewBox%3D%270%200%20555%20801%27%3E%3Crect%20width%3D%27555%27%20height%3D%27801%27%20fill-opacity%3D%220%22%2F%3E%3C%2Fsvg%3E\" data-srcset=\"https:\/\/cifa.pt\/site\/wp-content\/uploads\/2025\/02\/rel2024-pub1-200x289.png 200w, https:\/\/cifa.pt\/site\/wp-content\/uploads\/2025\/02\/rel2024-pub1-208x300.png 208w, https:\/\/cifa.pt\/site\/wp-content\/uploads\/2025\/02\/rel2024-pub1-400x577.png 400w, https:\/\/cifa.pt\/site\/wp-content\/uploads\/2025\/02\/rel2024-pub1-500x722.png 500w, https:\/\/cifa.pt\/site\/wp-content\/uploads\/2025\/02\/rel2024-pub1.png 555w\" data-sizes=\"auto\" data-orig-sizes=\"(max-width: 555px) 100vw, 555px\" \/><img decoding=\"async\" class=\"lazyload aligncenter size-full wp-image-3723\" src=\"https:\/\/cifa.pt\/site\/wp-content\/uploads\/2025\/02\/rel2024-pub2.png\" data-orig-src=\"https:\/\/cifa.pt\/site\/wp-content\/uploads\/2025\/02\/rel2024-pub2.png\" alt=\"\" width=\"496\" height=\"378\" srcset=\"data:image\/svg+xml,%3Csvg%20xmlns%3D%27http%3A%2F%2Fwww.w3.org%2F2000%2Fsvg%27%20width%3D%27496%27%20height%3D%27378%27%20viewBox%3D%270%200%20496%20378%27%3E%3Crect%20width%3D%27496%27%20height%3D%27378%27%20fill-opacity%3D%220%22%2F%3E%3C%2Fsvg%3E\" data-srcset=\"https:\/\/cifa.pt\/site\/wp-content\/uploads\/2025\/02\/rel2024-pub2-200x152.png 200w, https:\/\/cifa.pt\/site\/wp-content\/uploads\/2025\/02\/rel2024-pub2-300x229.png 300w, https:\/\/cifa.pt\/site\/wp-content\/uploads\/2025\/02\/rel2024-pub2-400x305.png 400w, https:\/\/cifa.pt\/site\/wp-content\/uploads\/2025\/02\/rel2024-pub2.png 496w\" data-sizes=\"auto\" data-orig-sizes=\"(max-width: 496px) 100vw, 496px\" \/><\/p>\n","protected":false},"excerpt":{"rendered":"<p>Mais um ano de trabalhos do CIFA, que obteve resultados [&hellip;]<\/p>\n","protected":false},"author":1,"featured_media":3649,"comment_status":"open","ping_status":"open","sticky":false,"template":"","format":"standard","meta":{"_bbp_topic_count":0,"_bbp_reply_count":0,"_bbp_total_topic_count":0,"_bbp_total_reply_count":0,"_bbp_voice_count":0,"_bbp_anonymous_reply_count":0,"_bbp_topic_count_hidden":0,"_bbp_reply_count_hidden":0,"_bbp_forum_subforum_count":0,"footnotes":""},"categories":[38,42,39],"tags":[],"class_list":["post-3719","post","type-post","status-publish","format-standard","has-post-thumbnail","hentry","category-atualidades","category-divulgacao-nacional","category-a-nacionais"],"_links":{"self":[{"href":"https:\/\/cifa.pt\/site\/wp-json\/wp\/v2\/posts\/3719","targetHints":{"allow":["GET"]}}],"collection":[{"href":"https:\/\/cifa.pt\/site\/wp-json\/wp\/v2\/posts"}],"about":[{"href":"https:\/\/cifa.pt\/site\/wp-json\/wp\/v2\/types\/post"}],"author":[{"embeddable":true,"href":"https:\/\/cifa.pt\/site\/wp-json\/wp\/v2\/users\/1"}],"replies":[{"embeddable":true,"href":"https:\/\/cifa.pt\/site\/wp-json\/wp\/v2\/comments?post=3719"}],"version-history":[{"count":2,"href":"https:\/\/cifa.pt\/site\/wp-json\/wp\/v2\/posts\/3719\/revisions"}],"predecessor-version":[{"id":3725,"href":"https:\/\/cifa.pt\/site\/wp-json\/wp\/v2\/posts\/3719\/revisions\/3725"}],"wp:featuredmedia":[{"embeddable":true,"href":"https:\/\/cifa.pt\/site\/wp-json\/wp\/v2\/media\/3649"}],"wp:attachment":[{"href":"https:\/\/cifa.pt\/site\/wp-json\/wp\/v2\/media?parent=3719"}],"wp:term":[{"taxonomy":"category","embeddable":true,"href":"https:\/\/cifa.pt\/site\/wp-json\/wp\/v2\/categories?post=3719"},{"taxonomy":"post_tag","embeddable":true,"href":"https:\/\/cifa.pt\/site\/wp-json\/wp\/v2\/tags?post=3719"}],"curies":[{"name":"wp","href":"https:\/\/api.w.org\/{rel}","templated":true}]}}