{"id":3366,"date":"2024-12-11T16:23:19","date_gmt":"2024-12-11T16:23:19","guid":{"rendered":"https:\/\/cifa.pt\/site\/?p=3366"},"modified":"2024-12-11T16:23:19","modified_gmt":"2024-12-11T16:23:19","slug":"doutor-antonio-do-amaral-fez-importante-doacao-documental-ao-cifa","status":"publish","type":"post","link":"https:\/\/cifa.pt\/site\/doutor-antonio-do-amaral-fez-importante-doacao-documental-ao-cifa\/","title":{"rendered":"DOUTOR ANT\u00d3NIO DO AMARAL FEZ IMPORTANTE DOA\u00c7\u00c3O DOCUMENTAL AO CIFA!"},"content":{"rendered":"<p>Foi com enorme prazer que anunciamos no dia 15 de Novembro de 2024, que fizemos o levantamento documental com o Dr. Ant\u00f3nio Eug\u00e9nio Maia do Amaral, em Coimbra.<\/p>\n<p>Membro Honor\u00e1rio do CIFA desde 2021, ontem finalizou a doa\u00e7\u00e3o documental de importantes registos hist\u00f3ricos ao CIFA, referente ao antigo grupo CIDOVNI, que inclui centenas de p\u00e1ginas de informa\u00e7\u00e3o e de imprensa, que vai enriquecer os arquivos gerais da associa\u00e7\u00e3o.<\/p>\n<p>O Dr. Ant\u00f3nio Amaral \u00e9 Director-Adjunto da Biblioteca da Universidade de Coimbra.<\/p>\n<p>Pela elevada atitude de generosidade, o CIFA rejubila a ac\u00e7\u00e3o com o agradecimento profundo no reconhecimento da nossa actividade nacional.<\/p>\n<p>Obrigado Dr. Ant\u00f3nio de Amaral pela importante contribui\u00e7\u00e3o documental!<\/p>\n\n\t\t<style type=\"text\/css\">\n\t\t\t#gallery-1 {\n\t\t\t\tmargin: auto;\n\t\t\t}\n\t\t\t#gallery-1 .gallery-item {\n\t\t\t\tfloat: left;\n\t\t\t\tmargin-top: 10px;\n\t\t\t\ttext-align: center;\n\t\t\t\twidth: 100%;\n\t\t\t}\n\t\t\t#gallery-1 img {\n\t\t\t\tborder: 2px solid #cfcfcf;\n\t\t\t}\n\t\t\t#gallery-1 .gallery-caption {\n\t\t\t\tmargin-left: 0;\n\t\t\t}\n\t\t\t\/* see gallery_shortcode() in wp-includes\/media.php *\/\n\t\t<\/style>\n\t\t<div id='gallery-1' class='gallery galleryid-3366 gallery-columns-1 gallery-size-fusion-800'><dl class='gallery-item'>\n\t\t\t<dt class='gallery-icon landscape'>\n\t\t\t\t<a data-rel=\"iLightbox[postimages]\" data-title=\"dr antonio do amaral 15Nov2024\" data-caption=\"O Presidente V\u00edtor Moreira com o Dr. Ant\u00f3nio do Amaral\" href='https:\/\/cifa.pt\/site\/doutor-antonio-do-amaral-fez-importante-doacao-documental-ao-cifa\/dr-antonio-do-amaral-15nov2024\/'><img decoding=\"async\" width=\"800\" height=\"624\" src=\"https:\/\/cifa.pt\/site\/wp-content\/uploads\/2024\/12\/dr-antonio-do-amaral-15Nov2024-800x624.jpg\" class=\"attachment-fusion-800 size-fusion-800 lazyload\" alt=\"\" aria-describedby=\"gallery-1-3373\" srcset=\"data:image\/svg+xml,%3Csvg%20xmlns%3D%27http%3A%2F%2Fwww.w3.org%2F2000%2Fsvg%27%20width%3D%272048%27%20height%3D%271597%27%20viewBox%3D%270%200%202048%201597%27%3E%3Crect%20width%3D%272048%27%20height%3D%271597%27%20fill-opacity%3D%220%22%2F%3E%3C%2Fsvg%3E\" data-orig-src=\"https:\/\/cifa.pt\/site\/wp-content\/uploads\/2024\/12\/dr-antonio-do-amaral-15Nov2024-800x624.jpg\" data-srcset=\"https:\/\/cifa.pt\/site\/wp-content\/uploads\/2024\/12\/dr-antonio-do-amaral-15Nov2024-200x156.jpg 200w, https:\/\/cifa.pt\/site\/wp-content\/uploads\/2024\/12\/dr-antonio-do-amaral-15Nov2024-300x234.jpg 300w, https:\/\/cifa.pt\/site\/wp-content\/uploads\/2024\/12\/dr-antonio-do-amaral-15Nov2024-400x312.jpg 400w, https:\/\/cifa.pt\/site\/wp-content\/uploads\/2024\/12\/dr-antonio-do-amaral-15Nov2024-500x390.jpg 500w, https:\/\/cifa.pt\/site\/wp-content\/uploads\/2024\/12\/dr-antonio-do-amaral-15Nov2024-600x468.jpg 600w, https:\/\/cifa.pt\/site\/wp-content\/uploads\/2024\/12\/dr-antonio-do-amaral-15Nov2024-700x546.jpg 700w, https:\/\/cifa.pt\/site\/wp-content\/uploads\/2024\/12\/dr-antonio-do-amaral-15Nov2024-768x599.jpg 768w, https:\/\/cifa.pt\/site\/wp-content\/uploads\/2024\/12\/dr-antonio-do-amaral-15Nov2024-800x624.jpg 800w, https:\/\/cifa.pt\/site\/wp-content\/uploads\/2024\/12\/dr-antonio-do-amaral-15Nov2024-1024x799.jpg 1024w, https:\/\/cifa.pt\/site\/wp-content\/uploads\/2024\/12\/dr-antonio-do-amaral-15Nov2024-1200x936.jpg 1200w, https:\/\/cifa.pt\/site\/wp-content\/uploads\/2024\/12\/dr-antonio-do-amaral-15Nov2024-1536x1198.jpg 1536w\" data-sizes=\"auto\" \/><\/a>\n\t\t\t<\/dt>\n\t\t\t\t<dd class='wp-caption-text gallery-caption' id='gallery-1-3373'>\n\t\t\t\tO Presidente V\u00edtor Moreira com o Dr. Ant\u00f3nio do Amaral\n\t\t\t\t<\/dd><\/dl><br style=\"clear: both\" \/><dl class='gallery-item'>\n\t\t\t<dt class='gallery-icon landscape'>\n\t\t\t\t<a data-rel=\"iLightbox[postimages]\" data-title=\"antonio do amaral4\" data-caption=\"Acervo hist\u00f3rico em tratamento digital.\" href='https:\/\/cifa.pt\/site\/doutor-antonio-do-amaral-fez-importante-doacao-documental-ao-cifa\/antonio-do-amaral4\/'><img decoding=\"async\" width=\"800\" height=\"450\" src=\"https:\/\/cifa.pt\/site\/wp-content\/uploads\/2024\/12\/antonio-do-amaral4-800x450.jpg\" class=\"attachment-fusion-800 size-fusion-800 lazyload\" alt=\"\" aria-describedby=\"gallery-1-3369\" srcset=\"data:image\/svg+xml,%3Csvg%20xmlns%3D%27http%3A%2F%2Fwww.w3.org%2F2000%2Fsvg%27%20width%3D%271920%27%20height%3D%271080%27%20viewBox%3D%270%200%201920%201080%27%3E%3Crect%20width%3D%271920%27%20height%3D%271080%27%20fill-opacity%3D%220%22%2F%3E%3C%2Fsvg%3E\" data-orig-src=\"https:\/\/cifa.pt\/site\/wp-content\/uploads\/2024\/12\/antonio-do-amaral4-800x450.jpg\" data-srcset=\"https:\/\/cifa.pt\/site\/wp-content\/uploads\/2024\/12\/antonio-do-amaral4-200x113.jpg 200w, https:\/\/cifa.pt\/site\/wp-content\/uploads\/2024\/12\/antonio-do-amaral4-300x169.jpg 300w, https:\/\/cifa.pt\/site\/wp-content\/uploads\/2024\/12\/antonio-do-amaral4-400x225.jpg 400w, https:\/\/cifa.pt\/site\/wp-content\/uploads\/2024\/12\/antonio-do-amaral4-500x281.jpg 500w, https:\/\/cifa.pt\/site\/wp-content\/uploads\/2024\/12\/antonio-do-amaral4-600x338.jpg 600w, https:\/\/cifa.pt\/site\/wp-content\/uploads\/2024\/12\/antonio-do-amaral4-700x394.jpg 700w, https:\/\/cifa.pt\/site\/wp-content\/uploads\/2024\/12\/antonio-do-amaral4-768x432.jpg 768w, https:\/\/cifa.pt\/site\/wp-content\/uploads\/2024\/12\/antonio-do-amaral4-800x450.jpg 800w, https:\/\/cifa.pt\/site\/wp-content\/uploads\/2024\/12\/antonio-do-amaral4-1024x576.jpg 1024w, https:\/\/cifa.pt\/site\/wp-content\/uploads\/2024\/12\/antonio-do-amaral4-1200x675.jpg 1200w, https:\/\/cifa.pt\/site\/wp-content\/uploads\/2024\/12\/antonio-do-amaral4-1536x864.jpg 1536w, https:\/\/cifa.pt\/site\/wp-content\/uploads\/2024\/12\/antonio-do-amaral4.jpg 1920w\" data-sizes=\"auto\" \/><\/a>\n\t\t\t<\/dt>\n\t\t\t\t<dd class='wp-caption-text gallery-caption' id='gallery-1-3369'>\n\t\t\t\tAcervo hist\u00f3rico em tratamento digital.\n\t\t\t\t<\/dd><\/dl><br style=\"clear: both\" \/><dl class='gallery-item'>\n\t\t\t<dt class='gallery-icon landscape'>\n\t\t\t\t<a data-rel=\"iLightbox[postimages]\" data-title=\"antonio do amaral5\" data-caption=\"\" href='https:\/\/cifa.pt\/site\/doutor-antonio-do-amaral-fez-importante-doacao-documental-ao-cifa\/antonio-do-amaral5\/'><img decoding=\"async\" width=\"800\" height=\"450\" src=\"https:\/\/cifa.pt\/site\/wp-content\/uploads\/2024\/12\/antonio-do-amaral5-800x450.jpg\" class=\"attachment-fusion-800 size-fusion-800 lazyload\" alt=\"\" srcset=\"data:image\/svg+xml,%3Csvg%20xmlns%3D%27http%3A%2F%2Fwww.w3.org%2F2000%2Fsvg%27%20width%3D%271920%27%20height%3D%271080%27%20viewBox%3D%270%200%201920%201080%27%3E%3Crect%20width%3D%271920%27%20height%3D%271080%27%20fill-opacity%3D%220%22%2F%3E%3C%2Fsvg%3E\" data-orig-src=\"https:\/\/cifa.pt\/site\/wp-content\/uploads\/2024\/12\/antonio-do-amaral5-800x450.jpg\" data-srcset=\"https:\/\/cifa.pt\/site\/wp-content\/uploads\/2024\/12\/antonio-do-amaral5-200x113.jpg 200w, https:\/\/cifa.pt\/site\/wp-content\/uploads\/2024\/12\/antonio-do-amaral5-300x169.jpg 300w, https:\/\/cifa.pt\/site\/wp-content\/uploads\/2024\/12\/antonio-do-amaral5-400x225.jpg 400w, https:\/\/cifa.pt\/site\/wp-content\/uploads\/2024\/12\/antonio-do-amaral5-500x281.jpg 500w, https:\/\/cifa.pt\/site\/wp-content\/uploads\/2024\/12\/antonio-do-amaral5-600x338.jpg 600w, https:\/\/cifa.pt\/site\/wp-content\/uploads\/2024\/12\/antonio-do-amaral5-700x394.jpg 700w, https:\/\/cifa.pt\/site\/wp-content\/uploads\/2024\/12\/antonio-do-amaral5-768x432.jpg 768w, https:\/\/cifa.pt\/site\/wp-content\/uploads\/2024\/12\/antonio-do-amaral5-800x450.jpg 800w, https:\/\/cifa.pt\/site\/wp-content\/uploads\/2024\/12\/antonio-do-amaral5-1024x576.jpg 1024w, https:\/\/cifa.pt\/site\/wp-content\/uploads\/2024\/12\/antonio-do-amaral5-1200x675.jpg 1200w, https:\/\/cifa.pt\/site\/wp-content\/uploads\/2024\/12\/antonio-do-amaral5-1536x864.jpg 1536w, https:\/\/cifa.pt\/site\/wp-content\/uploads\/2024\/12\/antonio-do-amaral5.jpg 1920w\" data-sizes=\"auto\" \/><\/a>\n\t\t\t<\/dt><\/dl><br style=\"clear: both\" \/><dl class='gallery-item'>\n\t\t\t<dt class='gallery-icon landscape'>\n\t\t\t\t<a data-rel=\"iLightbox[postimages]\" data-title=\"antonio do amaral6\" data-caption=\"\" href='https:\/\/cifa.pt\/site\/doutor-antonio-do-amaral-fez-importante-doacao-documental-ao-cifa\/antonio-do-amaral6\/'><img decoding=\"async\" width=\"800\" height=\"450\" src=\"https:\/\/cifa.pt\/site\/wp-content\/uploads\/2024\/12\/antonio-do-amaral6-800x450.jpg\" class=\"attachment-fusion-800 size-fusion-800 lazyload\" alt=\"\" srcset=\"data:image\/svg+xml,%3Csvg%20xmlns%3D%27http%3A%2F%2Fwww.w3.org%2F2000%2Fsvg%27%20width%3D%271920%27%20height%3D%271080%27%20viewBox%3D%270%200%201920%201080%27%3E%3Crect%20width%3D%271920%27%20height%3D%271080%27%20fill-opacity%3D%220%22%2F%3E%3C%2Fsvg%3E\" data-orig-src=\"https:\/\/cifa.pt\/site\/wp-content\/uploads\/2024\/12\/antonio-do-amaral6-800x450.jpg\" data-srcset=\"https:\/\/cifa.pt\/site\/wp-content\/uploads\/2024\/12\/antonio-do-amaral6-200x113.jpg 200w, https:\/\/cifa.pt\/site\/wp-content\/uploads\/2024\/12\/antonio-do-amaral6-300x169.jpg 300w, https:\/\/cifa.pt\/site\/wp-content\/uploads\/2024\/12\/antonio-do-amaral6-400x225.jpg 400w, https:\/\/cifa.pt\/site\/wp-content\/uploads\/2024\/12\/antonio-do-amaral6-500x281.jpg 500w, https:\/\/cifa.pt\/site\/wp-content\/uploads\/2024\/12\/antonio-do-amaral6-600x338.jpg 600w, https:\/\/cifa.pt\/site\/wp-content\/uploads\/2024\/12\/antonio-do-amaral6-700x394.jpg 700w, https:\/\/cifa.pt\/site\/wp-content\/uploads\/2024\/12\/antonio-do-amaral6-768x432.jpg 768w, https:\/\/cifa.pt\/site\/wp-content\/uploads\/2024\/12\/antonio-do-amaral6-800x450.jpg 800w, https:\/\/cifa.pt\/site\/wp-content\/uploads\/2024\/12\/antonio-do-amaral6-1024x576.jpg 1024w, https:\/\/cifa.pt\/site\/wp-content\/uploads\/2024\/12\/antonio-do-amaral6-1200x675.jpg 1200w, https:\/\/cifa.pt\/site\/wp-content\/uploads\/2024\/12\/antonio-do-amaral6-1536x864.jpg 1536w, https:\/\/cifa.pt\/site\/wp-content\/uploads\/2024\/12\/antonio-do-amaral6.jpg 1920w\" data-sizes=\"auto\" \/><\/a>\n\t\t\t<\/dt><\/dl><br style=\"clear: both\" \/><dl class='gallery-item'>\n\t\t\t<dt class='gallery-icon landscape'>\n\t\t\t\t<a data-rel=\"iLightbox[postimages]\" data-title=\"antonio do amaral7\" data-caption=\"\" href='https:\/\/cifa.pt\/site\/doutor-antonio-do-amaral-fez-importante-doacao-documental-ao-cifa\/antonio-do-amaral7\/'><img decoding=\"async\" width=\"800\" height=\"450\" src=\"https:\/\/cifa.pt\/site\/wp-content\/uploads\/2024\/12\/antonio-do-amaral7-800x450.jpg\" class=\"attachment-fusion-800 size-fusion-800 lazyload\" alt=\"\" srcset=\"data:image\/svg+xml,%3Csvg%20xmlns%3D%27http%3A%2F%2Fwww.w3.org%2F2000%2Fsvg%27%20width%3D%271920%27%20height%3D%271080%27%20viewBox%3D%270%200%201920%201080%27%3E%3Crect%20width%3D%271920%27%20height%3D%271080%27%20fill-opacity%3D%220%22%2F%3E%3C%2Fsvg%3E\" data-orig-src=\"https:\/\/cifa.pt\/site\/wp-content\/uploads\/2024\/12\/antonio-do-amaral7-800x450.jpg\" data-srcset=\"https:\/\/cifa.pt\/site\/wp-content\/uploads\/2024\/12\/antonio-do-amaral7-200x113.jpg 200w, https:\/\/cifa.pt\/site\/wp-content\/uploads\/2024\/12\/antonio-do-amaral7-300x169.jpg 300w, https:\/\/cifa.pt\/site\/wp-content\/uploads\/2024\/12\/antonio-do-amaral7-400x225.jpg 400w, https:\/\/cifa.pt\/site\/wp-content\/uploads\/2024\/12\/antonio-do-amaral7-500x281.jpg 500w, https:\/\/cifa.pt\/site\/wp-content\/uploads\/2024\/12\/antonio-do-amaral7-600x338.jpg 600w, https:\/\/cifa.pt\/site\/wp-content\/uploads\/2024\/12\/antonio-do-amaral7-700x394.jpg 700w, https:\/\/cifa.pt\/site\/wp-content\/uploads\/2024\/12\/antonio-do-amaral7-768x432.jpg 768w, https:\/\/cifa.pt\/site\/wp-content\/uploads\/2024\/12\/antonio-do-amaral7-800x450.jpg 800w, https:\/\/cifa.pt\/site\/wp-content\/uploads\/2024\/12\/antonio-do-amaral7-1024x576.jpg 1024w, https:\/\/cifa.pt\/site\/wp-content\/uploads\/2024\/12\/antonio-do-amaral7-1200x675.jpg 1200w, https:\/\/cifa.pt\/site\/wp-content\/uploads\/2024\/12\/antonio-do-amaral7-1536x864.jpg 1536w, https:\/\/cifa.pt\/site\/wp-content\/uploads\/2024\/12\/antonio-do-amaral7.jpg 1920w\" data-sizes=\"auto\" \/><\/a>\n\t\t\t<\/dt><\/dl><br style=\"clear: both\" \/><dl class='gallery-item'>\n\t\t\t<dt class='gallery-icon portrait'>\n\t\t\t\t<a data-rel=\"iLightbox[postimages]\" data-title=\"antonio do amaral3\" data-caption=\"\" href='https:\/\/cifa.pt\/site\/doutor-antonio-do-amaral-fez-importante-doacao-documental-ao-cifa\/antonio-do-amaral3\/'><img decoding=\"async\" width=\"800\" height=\"1422\" src=\"https:\/\/cifa.pt\/site\/wp-content\/uploads\/2024\/12\/antonio-do-amaral3-800x1422.jpg\" class=\"attachment-fusion-800 size-fusion-800 lazyload\" alt=\"\" srcset=\"data:image\/svg+xml,%3Csvg%20xmlns%3D%27http%3A%2F%2Fwww.w3.org%2F2000%2Fsvg%27%20width%3D%271080%27%20height%3D%271920%27%20viewBox%3D%270%200%201080%201920%27%3E%3Crect%20width%3D%271080%27%20height%3D%271920%27%20fill-opacity%3D%220%22%2F%3E%3C%2Fsvg%3E\" data-orig-src=\"https:\/\/cifa.pt\/site\/wp-content\/uploads\/2024\/12\/antonio-do-amaral3-800x1422.jpg\" data-srcset=\"https:\/\/cifa.pt\/site\/wp-content\/uploads\/2024\/12\/antonio-do-amaral3-169x300.jpg 169w, https:\/\/cifa.pt\/site\/wp-content\/uploads\/2024\/12\/antonio-do-amaral3-200x356.jpg 200w, https:\/\/cifa.pt\/site\/wp-content\/uploads\/2024\/12\/antonio-do-amaral3-400x711.jpg 400w, https:\/\/cifa.pt\/site\/wp-content\/uploads\/2024\/12\/antonio-do-amaral3-500x889.jpg 500w, https:\/\/cifa.pt\/site\/wp-content\/uploads\/2024\/12\/antonio-do-amaral3-576x1024.jpg 576w, https:\/\/cifa.pt\/site\/wp-content\/uploads\/2024\/12\/antonio-do-amaral3-600x1067.jpg 600w, https:\/\/cifa.pt\/site\/wp-content\/uploads\/2024\/12\/antonio-do-amaral3-700x1244.jpg 700w, https:\/\/cifa.pt\/site\/wp-content\/uploads\/2024\/12\/antonio-do-amaral3-768x1365.jpg 768w, https:\/\/cifa.pt\/site\/wp-content\/uploads\/2024\/12\/antonio-do-amaral3-800x1422.jpg 800w, https:\/\/cifa.pt\/site\/wp-content\/uploads\/2024\/12\/antonio-do-amaral3-864x1536.jpg 864w, https:\/\/cifa.pt\/site\/wp-content\/uploads\/2024\/12\/antonio-do-amaral3.jpg 1080w\" data-sizes=\"auto\" \/><\/a>\n\t\t\t<\/dt><\/dl><br style=\"clear: both\" \/><dl class='gallery-item'>\n\t\t\t<dt class='gallery-icon portrait'>\n\t\t\t\t<a data-rel=\"iLightbox[postimages]\" data-title=\"antonio do amaral2\" data-caption=\"\" href='https:\/\/cifa.pt\/site\/doutor-antonio-do-amaral-fez-importante-doacao-documental-ao-cifa\/antonio-do-amaral2\/'><img decoding=\"async\" width=\"800\" height=\"1422\" src=\"https:\/\/cifa.pt\/site\/wp-content\/uploads\/2024\/12\/antonio-do-amaral2-800x1422.jpg\" class=\"attachment-fusion-800 size-fusion-800 lazyload\" alt=\"\" srcset=\"data:image\/svg+xml,%3Csvg%20xmlns%3D%27http%3A%2F%2Fwww.w3.org%2F2000%2Fsvg%27%20width%3D%271080%27%20height%3D%271920%27%20viewBox%3D%270%200%201080%201920%27%3E%3Crect%20width%3D%271080%27%20height%3D%271920%27%20fill-opacity%3D%220%22%2F%3E%3C%2Fsvg%3E\" data-orig-src=\"https:\/\/cifa.pt\/site\/wp-content\/uploads\/2024\/12\/antonio-do-amaral2-800x1422.jpg\" data-srcset=\"https:\/\/cifa.pt\/site\/wp-content\/uploads\/2024\/12\/antonio-do-amaral2-169x300.jpg 169w, https:\/\/cifa.pt\/site\/wp-content\/uploads\/2024\/12\/antonio-do-amaral2-200x356.jpg 200w, https:\/\/cifa.pt\/site\/wp-content\/uploads\/2024\/12\/antonio-do-amaral2-400x711.jpg 400w, https:\/\/cifa.pt\/site\/wp-content\/uploads\/2024\/12\/antonio-do-amaral2-500x889.jpg 500w, https:\/\/cifa.pt\/site\/wp-content\/uploads\/2024\/12\/antonio-do-amaral2-576x1024.jpg 576w, https:\/\/cifa.pt\/site\/wp-content\/uploads\/2024\/12\/antonio-do-amaral2-600x1067.jpg 600w, https:\/\/cifa.pt\/site\/wp-content\/uploads\/2024\/12\/antonio-do-amaral2-700x1244.jpg 700w, https:\/\/cifa.pt\/site\/wp-content\/uploads\/2024\/12\/antonio-do-amaral2-768x1365.jpg 768w, https:\/\/cifa.pt\/site\/wp-content\/uploads\/2024\/12\/antonio-do-amaral2-800x1422.jpg 800w, https:\/\/cifa.pt\/site\/wp-content\/uploads\/2024\/12\/antonio-do-amaral2-864x1536.jpg 864w, https:\/\/cifa.pt\/site\/wp-content\/uploads\/2024\/12\/antonio-do-amaral2.jpg 1080w\" data-sizes=\"auto\" \/><\/a>\n\t\t\t<\/dt><\/dl><br style=\"clear: both\" \/>\n\t\t<\/div>\n\n","protected":false},"excerpt":{"rendered":"<p>Foi com enorme prazer que anunciamos no dia 15 de [&hellip;]<\/p>\n","protected":false},"author":1,"featured_media":3372,"comment_status":"open","ping_status":"open","sticky":false,"template":"","format":"standard","meta":{"_bbp_topic_count":0,"_bbp_reply_count":0,"_bbp_total_topic_count":0,"_bbp_total_reply_count":0,"_bbp_voice_count":0,"_bbp_anonymous_reply_count":0,"_bbp_topic_count_hidden":0,"_bbp_reply_count_hidden":0,"_bbp_forum_subforum_count":0,"footnotes":""},"categories":[38,39],"tags":[],"class_list":["post-3366","post","type-post","status-publish","format-standard","has-post-thumbnail","hentry","category-atualidades","category-a-nacionais"],"_links":{"self":[{"href":"https:\/\/cifa.pt\/site\/wp-json\/wp\/v2\/posts\/3366","targetHints":{"allow":["GET"]}}],"collection":[{"href":"https:\/\/cifa.pt\/site\/wp-json\/wp\/v2\/posts"}],"about":[{"href":"https:\/\/cifa.pt\/site\/wp-json\/wp\/v2\/types\/post"}],"author":[{"embeddable":true,"href":"https:\/\/cifa.pt\/site\/wp-json\/wp\/v2\/users\/1"}],"replies":[{"embeddable":true,"href":"https:\/\/cifa.pt\/site\/wp-json\/wp\/v2\/comments?post=3366"}],"version-history":[{"count":4,"href":"https:\/\/cifa.pt\/site\/wp-json\/wp\/v2\/posts\/3366\/revisions"}],"predecessor-version":[{"id":3377,"href":"https:\/\/cifa.pt\/site\/wp-json\/wp\/v2\/posts\/3366\/revisions\/3377"}],"wp:featuredmedia":[{"embeddable":true,"href":"https:\/\/cifa.pt\/site\/wp-json\/wp\/v2\/media\/3372"}],"wp:attachment":[{"href":"https:\/\/cifa.pt\/site\/wp-json\/wp\/v2\/media?parent=3366"}],"wp:term":[{"taxonomy":"category","embeddable":true,"href":"https:\/\/cifa.pt\/site\/wp-json\/wp\/v2\/categories?post=3366"},{"taxonomy":"post_tag","embeddable":true,"href":"https:\/\/cifa.pt\/site\/wp-json\/wp\/v2\/tags?post=3366"}],"curies":[{"name":"wp","href":"https:\/\/api.w.org\/{rel}","templated":true}]}}