{"id":3053,"date":"2023-07-25T19:36:21","date_gmt":"2023-07-25T19:36:21","guid":{"rendered":"https:\/\/cifa.pt\/site\/?p=3053"},"modified":"2023-07-25T19:37:22","modified_gmt":"2023-07-25T19:37:22","slug":"cifa-comemorou-o-2oaniversario-oficial-em-tomar","status":"publish","type":"post","link":"https:\/\/cifa.pt\/site\/cifa-comemorou-o-2oaniversario-oficial-em-tomar\/","title":{"rendered":"CIFA COMEMOROU O 2\u00baANIVERS\u00c1RIO OFICIAL EM TOMAR!"},"content":{"rendered":"<div class=\"fusion-fullwidth fullwidth-box fusion-builder-row-1 fusion-flex-container nonhundred-percent-fullwidth non-hundred-percent-height-scrolling\" style=\"background-color: rgba(255,255,255,0);background-position: center center;background-repeat: no-repeat;border-width: 0px 0px 0px 0px;border-color:var(--awb-color2);border-style:solid;\" ><div class=\"fusion-builder-row fusion-row fusion-flex-align-items-flex-start\" style=\"max-width:1185.6px;margin-left: calc(-4% \/ 2 );margin-right: calc(-4% \/ 2 );\"><div class=\"fusion-layout-column fusion_builder_column fusion-builder-column-0 fusion_builder_column_1_1 1_1 fusion-flex-column\"><div class=\"fusion-column-wrapper fusion-flex-justify-content-flex-start fusion-content-layout-column\" style=\"background-position:left top;background-repeat:no-repeat;-webkit-background-size:cover;-moz-background-size:cover;-o-background-size:cover;background-size:cover;padding: 0px 0px 0px 0px;\"><div class=\"fusion-text fusion-text-1 fusion-text-no-margin\" style=\"margin-bottom:40px;\"><p>No passado dia <strong>15 de Julho<\/strong>, o <strong>CIFA<\/strong> comemorou o seu <strong>2\u00baanivers\u00e1rio<\/strong> oficial da sua exist\u00eancia. O evento programado para os Membros das regi\u00f5es Centro-Sul, foi marcado pela presen\u00e7a dos Correspondentes de <strong>Torres Vedras<\/strong>, <strong>Coimbra<\/strong>, <strong>Santa Maria da Feira<\/strong>, <strong>Beja<\/strong>, <strong>Covilh\u00e3<\/strong>, al\u00e9m de v\u00e1rios elementos da Sede<strong> (Aveleda-Vila do Conde)<\/strong>.<br \/>\nCom enorme regozijo sublinhou entre os Membros as estrat\u00e9gias atuais e futuras para o melhor desenvolvimento da nossa atividade.<br \/>\nDepois de Guimar\u00e3es (2022), foi a vez da lind\u00edssima cidade de Tomar a receber a nossa passagem.<br \/>\nUma palavra de agradecimento para o restaurante &#8220;O Picadeiro&#8221;, que proporcionou uma experi\u00eancia gastron\u00f3mica extremamente\u00a0agrad\u00e1vel.<\/p>\n<\/div><style type=\"text\/css\">.fusion-gallery-1 .fusion-gallery-image {border:0px solid hsla(var(--awb-color5-h),var(--awb-color5-s),calc( var(--awb-color5-l) + 51% ),var(--awb-color5-a));}.fusion-gallery.fusion-gallery-1 .fusion-gallery-image img{aspect-ratio:100 \/ 60;}<\/style><div class=\"fusion-gallery fusion-gallery-container fusion-grid-2 fusion-columns-total-4 fusion-gallery-layout-grid fusion-gallery-1 has-aspect-ratio\" style=\"margin:-5px;\"><div style=\"padding:5px;\" class=\"fusion-grid-column fusion-gallery-column fusion-gallery-column-2 hover-type-none\"><div class=\"fusion-gallery-image\"><a href=\"https:\/\/cifa.pt\/site\/wp-content\/uploads\/2023\/07\/convivio-1.jpg\" rel=\"noreferrer\" data-rel=\"iLightbox[gallery_image_1]\" class=\"fusion-lightbox\" target=\"_self\"><img decoding=\"async\" src=\"https:\/\/cifa.pt\/site\/wp-content\/uploads\/2023\/07\/convivio-1.jpg\" data-orig-src=\"https:\/\/cifa.pt\/site\/wp-content\/uploads\/2023\/07\/convivio-1.jpg\" width=\"1391\" height=\"784\" alt=\"\" title=\"convivio-1\" aria-label=\"convivio-1\" class=\"lazyload img-responsive wp-image-3056\" srcset=\"data:image\/svg+xml,%3Csvg%20xmlns%3D%27http%3A%2F%2Fwww.w3.org%2F2000%2Fsvg%27%20width%3D%271391%27%20height%3D%27784%27%20viewBox%3D%270%200%201391%20784%27%3E%3Crect%20width%3D%271391%27%20height%3D%27784%27%20fill-opacity%3D%220%22%2F%3E%3C%2Fsvg%3E\" data-srcset=\"https:\/\/cifa.pt\/site\/wp-content\/uploads\/2023\/07\/convivio-1-200x113.jpg 200w, https:\/\/cifa.pt\/site\/wp-content\/uploads\/2023\/07\/convivio-1-400x225.jpg 400w, https:\/\/cifa.pt\/site\/wp-content\/uploads\/2023\/07\/convivio-1-600x338.jpg 600w, https:\/\/cifa.pt\/site\/wp-content\/uploads\/2023\/07\/convivio-1-800x451.jpg 800w, https:\/\/cifa.pt\/site\/wp-content\/uploads\/2023\/07\/convivio-1-1200x676.jpg 1200w, https:\/\/cifa.pt\/site\/wp-content\/uploads\/2023\/07\/convivio-1.jpg 1391w\" data-sizes=\"auto\" data-orig-sizes=\"(min-width: 2200px) 100vw, (min-width: 732px) 568px, (min-width: 640px) 732px, \" \/><\/a><\/div><\/div><div style=\"padding:5px;\" class=\"fusion-grid-column fusion-gallery-column fusion-gallery-column-2 hover-type-none\"><div class=\"fusion-gallery-image\"><a href=\"https:\/\/cifa.pt\/site\/wp-content\/uploads\/2023\/07\/convivio-2.jpg\" rel=\"noreferrer\" data-rel=\"iLightbox[gallery_image_1]\" class=\"fusion-lightbox\" target=\"_self\"><img decoding=\"async\" src=\"https:\/\/cifa.pt\/site\/wp-content\/uploads\/2023\/07\/convivio-2.jpg\" data-orig-src=\"https:\/\/cifa.pt\/site\/wp-content\/uploads\/2023\/07\/convivio-2.jpg\" width=\"567\" height=\"316\" alt=\"\" title=\"convivio-2\" aria-label=\"convivio-2\" class=\"lazyload img-responsive wp-image-3057\" srcset=\"data:image\/svg+xml,%3Csvg%20xmlns%3D%27http%3A%2F%2Fwww.w3.org%2F2000%2Fsvg%27%20width%3D%27567%27%20height%3D%27316%27%20viewBox%3D%270%200%20567%20316%27%3E%3Crect%20width%3D%27567%27%20height%3D%27316%27%20fill-opacity%3D%220%22%2F%3E%3C%2Fsvg%3E\" data-srcset=\"https:\/\/cifa.pt\/site\/wp-content\/uploads\/2023\/07\/convivio-2-200x111.jpg 200w, https:\/\/cifa.pt\/site\/wp-content\/uploads\/2023\/07\/convivio-2-400x223.jpg 400w, https:\/\/cifa.pt\/site\/wp-content\/uploads\/2023\/07\/convivio-2.jpg 567w\" data-sizes=\"auto\" data-orig-sizes=\"(min-width: 2200px) 100vw, (min-width: 732px) 568px, (min-width: 640px) 732px, \" \/><\/a><\/div><\/div><div class=\"clearfix\"><\/div><div style=\"padding:5px;\" class=\"fusion-grid-column fusion-gallery-column fusion-gallery-column-2 hover-type-none\"><div class=\"fusion-gallery-image\"><a href=\"https:\/\/cifa.pt\/site\/wp-content\/uploads\/2023\/07\/lembranca-almoco.jpg\" rel=\"noreferrer\" data-rel=\"iLightbox[gallery_image_1]\" class=\"fusion-lightbox\" target=\"_self\"><img decoding=\"async\" src=\"https:\/\/cifa.pt\/site\/wp-content\/uploads\/2023\/07\/lembranca-almoco.jpg\" data-orig-src=\"https:\/\/cifa.pt\/site\/wp-content\/uploads\/2023\/07\/lembranca-almoco.jpg\" width=\"1600\" height=\"1197\" alt=\"\" title=\"lembran\u00e7a-almoco\" aria-label=\"lembran\u00e7a-almoco\" class=\"lazyload img-responsive wp-image-3059\" srcset=\"data:image\/svg+xml,%3Csvg%20xmlns%3D%27http%3A%2F%2Fwww.w3.org%2F2000%2Fsvg%27%20width%3D%271600%27%20height%3D%271197%27%20viewBox%3D%270%200%201600%201197%27%3E%3Crect%20width%3D%271600%27%20height%3D%271197%27%20fill-opacity%3D%220%22%2F%3E%3C%2Fsvg%3E\" data-srcset=\"https:\/\/cifa.pt\/site\/wp-content\/uploads\/2023\/07\/lembranca-almoco-200x150.jpg 200w, https:\/\/cifa.pt\/site\/wp-content\/uploads\/2023\/07\/lembranca-almoco-400x299.jpg 400w, https:\/\/cifa.pt\/site\/wp-content\/uploads\/2023\/07\/lembranca-almoco-600x449.jpg 600w, https:\/\/cifa.pt\/site\/wp-content\/uploads\/2023\/07\/lembranca-almoco-800x599.jpg 800w, https:\/\/cifa.pt\/site\/wp-content\/uploads\/2023\/07\/lembranca-almoco-1200x898.jpg 1200w, https:\/\/cifa.pt\/site\/wp-content\/uploads\/2023\/07\/lembranca-almoco.jpg 1600w\" data-sizes=\"auto\" data-orig-sizes=\"(min-width: 2200px) 100vw, (min-width: 732px) 568px, (min-width: 640px) 732px, \" \/><\/a><\/div><\/div><div style=\"padding:5px;\" class=\"fusion-grid-column fusion-gallery-column fusion-gallery-column-2 hover-type-none\"><div class=\"fusion-gallery-image\"><a href=\"https:\/\/cifa.pt\/site\/wp-content\/uploads\/2023\/07\/convivio-3.jpg\" rel=\"noreferrer\" data-rel=\"iLightbox[gallery_image_1]\" class=\"fusion-lightbox\" target=\"_self\"><img decoding=\"async\" src=\"https:\/\/cifa.pt\/site\/wp-content\/uploads\/2023\/07\/convivio-3.jpg\" data-orig-src=\"https:\/\/cifa.pt\/site\/wp-content\/uploads\/2023\/07\/convivio-3.jpg\" width=\"1409\" height=\"768\" alt=\"\" title=\"convivio-3\" aria-label=\"convivio-3\" class=\"lazyload img-responsive wp-image-3058\" srcset=\"data:image\/svg+xml,%3Csvg%20xmlns%3D%27http%3A%2F%2Fwww.w3.org%2F2000%2Fsvg%27%20width%3D%271409%27%20height%3D%27768%27%20viewBox%3D%270%200%201409%20768%27%3E%3Crect%20width%3D%271409%27%20height%3D%27768%27%20fill-opacity%3D%220%22%2F%3E%3C%2Fsvg%3E\" data-srcset=\"https:\/\/cifa.pt\/site\/wp-content\/uploads\/2023\/07\/convivio-3-200x109.jpg 200w, https:\/\/cifa.pt\/site\/wp-content\/uploads\/2023\/07\/convivio-3-400x218.jpg 400w, https:\/\/cifa.pt\/site\/wp-content\/uploads\/2023\/07\/convivio-3-600x327.jpg 600w, https:\/\/cifa.pt\/site\/wp-content\/uploads\/2023\/07\/convivio-3-800x436.jpg 800w, https:\/\/cifa.pt\/site\/wp-content\/uploads\/2023\/07\/convivio-3-1200x654.jpg 1200w, https:\/\/cifa.pt\/site\/wp-content\/uploads\/2023\/07\/convivio-3.jpg 1409w\" data-sizes=\"auto\" data-orig-sizes=\"(min-width: 2200px) 100vw, (min-width: 732px) 568px, (min-width: 640px) 732px, \" \/><\/a><\/div><\/div><div class=\"clearfix\"><\/div><\/div><\/div><style type=\"text\/css\">.fusion-body .fusion-builder-column-0{width:100% !important;margin-top : 0px;margin-bottom : 0px;}.fusion-builder-column-0 > .fusion-column-wrapper {padding-top : 0px !important;padding-right : 0px !important;margin-right : 1.92%;padding-bottom : 0px !important;padding-left : 0px !important;margin-left : 1.92%;}@media only screen and (max-width:1024px) {.fusion-body .fusion-builder-column-0{width:100% !important;}.fusion-builder-column-0 > .fusion-column-wrapper {margin-right : 1.92%;margin-left : 1.92%;}}@media only screen and (max-width:640px) {.fusion-body .fusion-builder-column-0{width:100% !important;}.fusion-builder-column-0 > .fusion-column-wrapper {margin-right : 1.92%;margin-left : 1.92%;}}<\/style><\/div><\/div><style type=\"text\/css\">.fusion-body .fusion-flex-container.fusion-builder-row-1{ padding-top : 0px;margin-top : 0px;padding-right : 0px;padding-bottom : 0px;margin-bottom : 0px;padding-left : 0px;}<\/style><\/div>\n","protected":false},"excerpt":{"rendered":"","protected":false},"author":1,"featured_media":3054,"comment_status":"open","ping_status":"open","sticky":false,"template":"","format":"standard","meta":{"_bbp_topic_count":0,"_bbp_reply_count":0,"_bbp_total_topic_count":0,"_bbp_total_reply_count":0,"_bbp_voice_count":0,"_bbp_anonymous_reply_count":0,"_bbp_topic_count_hidden":0,"_bbp_reply_count_hidden":0,"_bbp_forum_subforum_count":0,"footnotes":""},"categories":[38,39],"tags":[],"class_list":["post-3053","post","type-post","status-publish","format-standard","has-post-thumbnail","hentry","category-atualidades","category-a-nacionais"],"_links":{"self":[{"href":"https:\/\/cifa.pt\/site\/wp-json\/wp\/v2\/posts\/3053","targetHints":{"allow":["GET"]}}],"collection":[{"href":"https:\/\/cifa.pt\/site\/wp-json\/wp\/v2\/posts"}],"about":[{"href":"https:\/\/cifa.pt\/site\/wp-json\/wp\/v2\/types\/post"}],"author":[{"embeddable":true,"href":"https:\/\/cifa.pt\/site\/wp-json\/wp\/v2\/users\/1"}],"replies":[{"embeddable":true,"href":"https:\/\/cifa.pt\/site\/wp-json\/wp\/v2\/comments?post=3053"}],"version-history":[{"count":2,"href":"https:\/\/cifa.pt\/site\/wp-json\/wp\/v2\/posts\/3053\/revisions"}],"predecessor-version":[{"id":3060,"href":"https:\/\/cifa.pt\/site\/wp-json\/wp\/v2\/posts\/3053\/revisions\/3060"}],"wp:featuredmedia":[{"embeddable":true,"href":"https:\/\/cifa.pt\/site\/wp-json\/wp\/v2\/media\/3054"}],"wp:attachment":[{"href":"https:\/\/cifa.pt\/site\/wp-json\/wp\/v2\/media?parent=3053"}],"wp:term":[{"taxonomy":"category","embeddable":true,"href":"https:\/\/cifa.pt\/site\/wp-json\/wp\/v2\/categories?post=3053"},{"taxonomy":"post_tag","embeddable":true,"href":"https:\/\/cifa.pt\/site\/wp-json\/wp\/v2\/tags?post=3053"}],"curies":[{"name":"wp","href":"https:\/\/api.w.org\/{rel}","templated":true}]}}