{"id":2855,"date":"2022-09-27T06:18:31","date_gmt":"2022-09-27T06:18:31","guid":{"rendered":"https:\/\/cifa.pt\/site\/?p=2855"},"modified":"2022-09-27T06:56:54","modified_gmt":"2022-09-27T06:56:54","slug":"especulacao-pelas-redes-sociais-brasileiras","status":"publish","type":"post","link":"https:\/\/cifa.pt\/site\/especulacao-pelas-redes-sociais-brasileiras\/","title":{"rendered":"ESPECULA\u00c7\u00c3O PELAS REDES SOCIAIS BRASILEIRAS"},"content":{"rendered":"<p><strong>CAEIRAS FOI \u201cINVADIDA\u201d POR MALOGRADA QUEDA DE OBJECTO DE OUTRO MUNDO<\/strong><\/p>\n<p>Num cen\u00e1rio naturalmente previs\u00edvel, a not\u00edcia chegou-nos oriunda de v\u00e1rias fontes de informa\u00e7\u00e3o brasileira, onde dava conta da prov\u00e1vel queda de um prov\u00e1vel OVNI numa localidade do interior Paulista, nomeadamente na Mata da Estrada do Ajo\u00e1, no Morro Grande, em Caeiras.<\/p>\n<p>Tudo teria supostamente ocorrido a 14 de Junho que, pelas redes sociais Facebook e Instagram, davam conta de que \u201calgo pesado\u201d teria acordado os moradores daquela regi\u00e3o, criando-se a expectativa (segundos muitos) que uma aeronave n\u00e3o identificada teria provocado um enorme clar\u00e3o em contacto com o solo.<\/p>\n<p>Uma equipa da Defesa Civil local fez-se deslocar at\u00e9 ao local, n\u00e3o tendo encontrado qualquer vest\u00edgio de queda do quer que fosse.<\/p>\n<p>Como coincid\u00eancia, nessa mesma madrugada desse dia, v\u00e1rios cami\u00f5es do Ex\u00e9rcito Brasileiro fizeram a sua passagem pela cidade, o que fez aumentar e potenciar as informa\u00e7\u00f5es sobre o real incidente. De forma eficaz, o Comando Militar do Sudeste, deu conta atrav\u00e9s do e-mail divulgado pela imprensa regional, que \u201ca localidade de Caeiras surge na rota entre a capital paulista e a cidade de Junda\u00ed, onde h\u00e1 uma Unidade Militar e que teria existido o tr\u00e1fego de viaturas que habitualmente faz desloca\u00e7\u00f5es administrativas entre estas cidades\u201d, negando assim a exist\u00eancia de qualquer tipo de opera\u00e7\u00e3o militar.<\/p>\n<p>Mais uma vez, neste caso a n\u00edvel internacional, faz-se notar que a especula\u00e7\u00e3o das redes sociais como epicentro, traz preju\u00edzos enormes \u00e0 seriedade no estudo destas fenomenologias, onde o apuramento das fontes de informa\u00e7\u00e3o maioritariamente nunca \u00e9 confirmado.<\/p>\n","protected":false},"excerpt":{"rendered":"<p>CAEIRAS FOI \u201cINVADIDA\u201d POR MALOGRADA QUEDA DE OBJECTO DE OUTRO [&hellip;]<\/p>\n","protected":false},"author":1,"featured_media":2856,"comment_status":"open","ping_status":"open","sticky":false,"template":"","format":"standard","meta":{"_bbp_topic_count":0,"_bbp_reply_count":0,"_bbp_total_topic_count":0,"_bbp_total_reply_count":0,"_bbp_voice_count":0,"_bbp_anonymous_reply_count":0,"_bbp_topic_count_hidden":0,"_bbp_reply_count_hidden":0,"_bbp_forum_subforum_count":0,"footnotes":""},"categories":[5,3],"tags":[],"class_list":["post-2855","post","type-post","status-publish","format-standard","has-post-thumbnail","hentry","category-o-internacionais","category-ocorrencias"],"_links":{"self":[{"href":"https:\/\/cifa.pt\/site\/wp-json\/wp\/v2\/posts\/2855","targetHints":{"allow":["GET"]}}],"collection":[{"href":"https:\/\/cifa.pt\/site\/wp-json\/wp\/v2\/posts"}],"about":[{"href":"https:\/\/cifa.pt\/site\/wp-json\/wp\/v2\/types\/post"}],"author":[{"embeddable":true,"href":"https:\/\/cifa.pt\/site\/wp-json\/wp\/v2\/users\/1"}],"replies":[{"embeddable":true,"href":"https:\/\/cifa.pt\/site\/wp-json\/wp\/v2\/comments?post=2855"}],"version-history":[{"count":2,"href":"https:\/\/cifa.pt\/site\/wp-json\/wp\/v2\/posts\/2855\/revisions"}],"predecessor-version":[{"id":2869,"href":"https:\/\/cifa.pt\/site\/wp-json\/wp\/v2\/posts\/2855\/revisions\/2869"}],"wp:featuredmedia":[{"embeddable":true,"href":"https:\/\/cifa.pt\/site\/wp-json\/wp\/v2\/media\/2856"}],"wp:attachment":[{"href":"https:\/\/cifa.pt\/site\/wp-json\/wp\/v2\/media?parent=2855"}],"wp:term":[{"taxonomy":"category","embeddable":true,"href":"https:\/\/cifa.pt\/site\/wp-json\/wp\/v2\/categories?post=2855"},{"taxonomy":"post_tag","embeddable":true,"href":"https:\/\/cifa.pt\/site\/wp-json\/wp\/v2\/tags?post=2855"}],"curies":[{"name":"wp","href":"https:\/\/api.w.org\/{rel}","templated":true}]}}