{"id":1708,"date":"2022-01-25T16:10:58","date_gmt":"2022-01-25T16:10:58","guid":{"rendered":"https:\/\/cifa.pt\/site\/?p=1708"},"modified":"2022-01-25T16:11:23","modified_gmt":"2022-01-25T16:11:23","slug":"espanha-e-norte-de-portugal-assistiu-a-fenomenos-explicaveis","status":"publish","type":"post","link":"https:\/\/cifa.pt\/site\/espanha-e-norte-de-portugal-assistiu-a-fenomenos-explicaveis\/","title":{"rendered":"ESPANHA E NORTE DE PORTUGAL ASSISTIU A FEN\u00d3MENOS EXPLIC\u00c1VEIS\u2026"},"content":{"rendered":"\n<p>REENTRADA NA ATMOSFERA DE LIXO ESPACIAL E METEORITO DEIXAM DEZENAS DE POPULARES CURIOSOS<\/p>\n\n\n\n<p>No passado dia 23 de Janeiro, pelas 22:00, em Espanha e no Norte do pa\u00eds, concretamente em Bragan\u00e7a e Santo Tirso, assistiu a reentrada de lixo espacial (prov\u00e1vel sat\u00e9lite da Rede Starlink) e meteorito, tendo originado alguns registos v\u00eddeos e fotogr\u00e1ficos. <\/p>\n\n\n\n<p>Nada de mais a ressaltar que n\u00e3o seja, a prontid\u00e3o de algumas dezenas de populares que de imediato prontificaram-se a editar os seus registos fotogr\u00e1ficos destes fen\u00f3menos nas redes sociais Facebook e Youtube. <\/p>\n\n\n\n<p>O CIFA seguir\u00e1 sempre de perto estas ocorr\u00eancias, na inten\u00e7\u00e3o de clarificar socialmente e da maneira do poss\u00edvel este tipo de registos, procurando dissipa\u00e7\u00e3o de d\u00favidas nas explica\u00e7\u00f5es banais em sua explica\u00e7\u00e3o. <\/p>\n\n\n\n<p>(CIFA-Departamento de Investiga\u00e7\u00e3o, Vila do Conde)<\/p>\n\n\n\n<div class=\"wp-block-columns is-layout-flex wp-container-core-columns-is-layout-9d6595d7 wp-block-columns-is-layout-flex\">\n<div class=\"wp-block-column is-layout-flow wp-block-column-is-layout-flow\">\n<div class=\"wp-block-image\"><figure class=\"aligncenter size-full is-resized\"><img decoding=\"async\" src=\"https:\/\/cifa.pt\/site\/wp-content\/uploads\/2022\/01\/santo-tirso1-23jan2022.jpg\" data-orig-src=\"https:\/\/cifa.pt\/site\/wp-content\/uploads\/2022\/01\/santo-tirso1-23jan2022.jpg\" alt=\"\" class=\"lazyload wp-image-1709\" width=\"618\" height=\"387\" srcset=\"data:image\/svg+xml,%3Csvg%20xmlns%3D%27http%3A%2F%2Fwww.w3.org%2F2000%2Fsvg%27%20width%3D%27618%27%20height%3D%27387%27%20viewBox%3D%270%200%20618%20387%27%3E%3Crect%20width%3D%27618%27%20height%3D%27387%27%20fill-opacity%3D%220%22%2F%3E%3C%2Fsvg%3E\" data-srcset=\"https:\/\/cifa.pt\/site\/wp-content\/uploads\/2022\/01\/santo-tirso1-23jan2022-300x188.jpg 300w, https:\/\/cifa.pt\/site\/wp-content\/uploads\/2022\/01\/santo-tirso1-23jan2022-500x314.jpg 500w, https:\/\/cifa.pt\/site\/wp-content\/uploads\/2022\/01\/santo-tirso1-23jan2022-700x439.jpg 700w, https:\/\/cifa.pt\/site\/wp-content\/uploads\/2022\/01\/santo-tirso1-23jan2022-768x482.jpg 768w, https:\/\/cifa.pt\/site\/wp-content\/uploads\/2022\/01\/santo-tirso1-23jan2022.jpg 942w\" data-sizes=\"auto\" data-orig-sizes=\"(max-width: 618px) 100vw, 618px\" \/><figcaption>Fen\u00f3meno observado em Santo Tirso<\/figcaption><\/figure><\/div>\n<\/div>\n\n\n\n<div class=\"wp-block-column is-layout-flow wp-block-column-is-layout-flow\">\n<div class=\"wp-block-image\"><figure class=\"aligncenter size-full\"><img decoding=\"async\" width=\"480\" height=\"390\" src=\"https:\/\/cifa.pt\/site\/wp-content\/uploads\/2022\/01\/braganca-23JAN2022.jpg\" data-orig-src=\"https:\/\/cifa.pt\/site\/wp-content\/uploads\/2022\/01\/braganca-23JAN2022.jpg\" alt=\"\" class=\"lazyload wp-image-1710\" srcset=\"data:image\/svg+xml,%3Csvg%20xmlns%3D%27http%3A%2F%2Fwww.w3.org%2F2000%2Fsvg%27%20width%3D%27480%27%20height%3D%27390%27%20viewBox%3D%270%200%20480%20390%27%3E%3Crect%20width%3D%27480%27%20height%3D%27390%27%20fill-opacity%3D%220%22%2F%3E%3C%2Fsvg%3E\" data-srcset=\"https:\/\/cifa.pt\/site\/wp-content\/uploads\/2022\/01\/braganca-23JAN2022-300x244.jpg 300w, https:\/\/cifa.pt\/site\/wp-content\/uploads\/2022\/01\/braganca-23JAN2022.jpg 480w\" data-sizes=\"auto\" data-orig-sizes=\"(max-width: 480px) 100vw, 480px\" \/><figcaption> Fen\u00f3meno observado em Bragan\u00e7a<\/figcaption><\/figure><\/div>\n<\/div>\n<\/div>\n\n\n\n<p><\/p>\n\n\n\n<figure class=\"wp-block-embed is-type-video is-provider-youtube wp-block-embed-youtube wp-embed-aspect-4-3 wp-has-aspect-ratio\"><div class=\"wp-block-embed__wrapper\">\n<div class=\"video-shortcode\"><iframe title=\"Starlink reentry (Jan. 23) \/\/ Bola de fuego generada por reentrada de sat\u00e9lite Starlink (23 enero)\" width=\"1140\" height=\"855\" src=\"https:\/\/www.youtube.com\/embed\/4B7Q7o0lllQ?feature=oembed\" frameborder=\"0\" allow=\"accelerometer; autoplay; clipboard-write; encrypted-media; gyroscope; picture-in-picture\" allowfullscreen><\/iframe><\/div>\n<\/div><\/figure>\n","protected":false},"excerpt":{"rendered":"<p>REENTRADA NA ATMOSFERA DE LIXO ESPACIAL E METEORITO DEIXAM DEZENAS [&hellip;]<\/p>\n","protected":false},"author":1,"featured_media":1710,"comment_status":"open","ping_status":"open","sticky":false,"template":"","format":"standard","meta":{"_bbp_topic_count":0,"_bbp_reply_count":0,"_bbp_total_topic_count":0,"_bbp_total_reply_count":0,"_bbp_voice_count":0,"_bbp_anonymous_reply_count":0,"_bbp_topic_count_hidden":0,"_bbp_reply_count_hidden":0,"_bbp_forum_subforum_count":0,"footnotes":""},"categories":[4,3],"tags":[],"class_list":["post-1708","post","type-post","status-publish","format-standard","has-post-thumbnail","hentry","category-o-nacionais","category-ocorrencias"],"_links":{"self":[{"href":"https:\/\/cifa.pt\/site\/wp-json\/wp\/v2\/posts\/1708","targetHints":{"allow":["GET"]}}],"collection":[{"href":"https:\/\/cifa.pt\/site\/wp-json\/wp\/v2\/posts"}],"about":[{"href":"https:\/\/cifa.pt\/site\/wp-json\/wp\/v2\/types\/post"}],"author":[{"embeddable":true,"href":"https:\/\/cifa.pt\/site\/wp-json\/wp\/v2\/users\/1"}],"replies":[{"embeddable":true,"href":"https:\/\/cifa.pt\/site\/wp-json\/wp\/v2\/comments?post=1708"}],"version-history":[{"count":1,"href":"https:\/\/cifa.pt\/site\/wp-json\/wp\/v2\/posts\/1708\/revisions"}],"predecessor-version":[{"id":1711,"href":"https:\/\/cifa.pt\/site\/wp-json\/wp\/v2\/posts\/1708\/revisions\/1711"}],"wp:featuredmedia":[{"embeddable":true,"href":"https:\/\/cifa.pt\/site\/wp-json\/wp\/v2\/media\/1710"}],"wp:attachment":[{"href":"https:\/\/cifa.pt\/site\/wp-json\/wp\/v2\/media?parent=1708"}],"wp:term":[{"taxonomy":"category","embeddable":true,"href":"https:\/\/cifa.pt\/site\/wp-json\/wp\/v2\/categories?post=1708"},{"taxonomy":"post_tag","embeddable":true,"href":"https:\/\/cifa.pt\/site\/wp-json\/wp\/v2\/tags?post=1708"}],"curies":[{"name":"wp","href":"https:\/\/api.w.org\/{rel}","templated":true}]}}