{"id":1457,"date":"2021-09-01T09:50:53","date_gmt":"2021-09-01T09:50:53","guid":{"rendered":"https:\/\/cifa.pt\/site\/?p=1457"},"modified":"2021-09-01T09:51:35","modified_gmt":"2021-09-01T09:51:35","slug":"ovni-registado-por-tripulacoes-do-canada-e-da-alemanha","status":"publish","type":"post","link":"https:\/\/cifa.pt\/site\/ovni-registado-por-tripulacoes-do-canada-e-da-alemanha\/","title":{"rendered":"OVNI REGISTADO POR TRIPULA\u00c7\u00d5ES DO CANAD\u00c1 E DA ALEMANHA"},"content":{"rendered":"\n<p>Na noite do dia 30 de Julho, as tripula\u00e7\u00f5es de um avi\u00e3o militar do Canad\u00e1 e de um voo comercial da KLM Royal Dutch Airlines observaram um objecto voador n\u00e3o identificado (OVNI) sobre a regi\u00e3o do Golfo de S\u00e3o Louren\u00e7o. <\/p>\n\n\n\n<p>Segundo um relat\u00f3rio publicado nesta quarta-feira (11) no CADORS, um arquivo de incidentes de voo do governo canadense, ambos descreveram um objecto verde e brilhante, que \u201cvoou em direc\u00e7\u00e3o a uma nuvem e depois desapareceu\u201d entre o Quebec e a prov\u00edncia de Terra Nova e Labrador. Segundo o registro no CADORS, o objecto n\u00e3o afectou as opera\u00e7\u00f5es.<br>O voo comercial da KLM descolou em Boston e viajava com destino a Amsterd\u00e3o. J\u00e1 a aeronave militar seguia para Col\u00f3nia, na Alemanha, como parte de uma miss\u00e3o de resgate de pessoas do Afeganist\u00e3o. Segundo dados publicados por Steffan Watkins, pesquisador de avia\u00e7\u00e3o e envio, o voo militar canadense pode ter alterado a rota e a altitude no momento em que viu o objecto, o que parece ter acontecido no dia 31 de Julho. J\u00e1 a aeronave da KLM parece ter mantido o trajecto e a altitude.<\/p>\n\n\n\n<div class=\"wp-block-image\"><figure class=\"aligncenter size-full\"><img decoding=\"async\" width=\"578\" height=\"687\" src=\"https:\/\/cifa.pt\/site\/wp-content\/uploads\/2021\/09\/image_2021-08-29_11-15-00.png\" data-orig-src=\"https:\/\/cifa.pt\/site\/wp-content\/uploads\/2021\/09\/image_2021-08-29_11-15-00.png\" alt=\"\" class=\"lazyload wp-image-1458\" srcset=\"data:image\/svg+xml,%3Csvg%20xmlns%3D%27http%3A%2F%2Fwww.w3.org%2F2000%2Fsvg%27%20width%3D%27578%27%20height%3D%27687%27%20viewBox%3D%270%200%20578%20687%27%3E%3Crect%20width%3D%27578%27%20height%3D%27687%27%20fill-opacity%3D%220%22%2F%3E%3C%2Fsvg%3E\" data-srcset=\"https:\/\/cifa.pt\/site\/wp-content\/uploads\/2021\/09\/image_2021-08-29_11-15-00-252x300.png 252w, https:\/\/cifa.pt\/site\/wp-content\/uploads\/2021\/09\/image_2021-08-29_11-15-00-500x594.png 500w, https:\/\/cifa.pt\/site\/wp-content\/uploads\/2021\/09\/image_2021-08-29_11-15-00.png 578w\" data-sizes=\"auto\" data-orig-sizes=\"(max-width: 578px) 100vw, 578px\" \/><figcaption>Relat\u00f3rio CADORS a reportar ocorr\u00eancia da KLM &#8211; Royal Dutch Airlines<\/figcaption><\/figure><\/div>\n","protected":false},"excerpt":{"rendered":"<p>Na noite do dia 30 de Julho, as tripula\u00e7\u00f5es de [&hellip;]<\/p>\n","protected":false},"author":1,"featured_media":1458,"comment_status":"open","ping_status":"open","sticky":false,"template":"","format":"standard","meta":{"_bbp_topic_count":0,"_bbp_reply_count":0,"_bbp_total_topic_count":0,"_bbp_total_reply_count":0,"_bbp_voice_count":0,"_bbp_anonymous_reply_count":0,"_bbp_topic_count_hidden":0,"_bbp_reply_count_hidden":0,"_bbp_forum_subforum_count":0,"footnotes":""},"categories":[5,3],"tags":[],"class_list":["post-1457","post","type-post","status-publish","format-standard","has-post-thumbnail","hentry","category-o-internacionais","category-ocorrencias"],"_links":{"self":[{"href":"https:\/\/cifa.pt\/site\/wp-json\/wp\/v2\/posts\/1457","targetHints":{"allow":["GET"]}}],"collection":[{"href":"https:\/\/cifa.pt\/site\/wp-json\/wp\/v2\/posts"}],"about":[{"href":"https:\/\/cifa.pt\/site\/wp-json\/wp\/v2\/types\/post"}],"author":[{"embeddable":true,"href":"https:\/\/cifa.pt\/site\/wp-json\/wp\/v2\/users\/1"}],"replies":[{"embeddable":true,"href":"https:\/\/cifa.pt\/site\/wp-json\/wp\/v2\/comments?post=1457"}],"version-history":[{"count":2,"href":"https:\/\/cifa.pt\/site\/wp-json\/wp\/v2\/posts\/1457\/revisions"}],"predecessor-version":[{"id":1460,"href":"https:\/\/cifa.pt\/site\/wp-json\/wp\/v2\/posts\/1457\/revisions\/1460"}],"wp:featuredmedia":[{"embeddable":true,"href":"https:\/\/cifa.pt\/site\/wp-json\/wp\/v2\/media\/1458"}],"wp:attachment":[{"href":"https:\/\/cifa.pt\/site\/wp-json\/wp\/v2\/media?parent=1457"}],"wp:term":[{"taxonomy":"category","embeddable":true,"href":"https:\/\/cifa.pt\/site\/wp-json\/wp\/v2\/categories?post=1457"},{"taxonomy":"post_tag","embeddable":true,"href":"https:\/\/cifa.pt\/site\/wp-json\/wp\/v2\/tags?post=1457"}],"curies":[{"name":"wp","href":"https:\/\/api.w.org\/{rel}","templated":true}]}}